{"id":2670,"date":"2026-09-02T11:32:37","date_gmt":"2026-09-02T09:32:37","guid":{"rendered":"https:\/\/www.poliambulatoriovibo.it\/?p=2670"},"modified":"2026-09-02T12:04:24","modified_gmt":"2026-09-02T10:04:24","slug":"messaggio-di-roberto-iuliano","status":"publish","type":"post","link":"https:\/\/www.poliambulatoriovibo.it\/index.php\/2026\/09\/02\/messaggio-di-roberto-iuliano\/","title":{"rendered":"Messaggio di Roberto Iuliano"},"content":{"rendered":"\t\t<div data-elementor-type=\"wp-post\" data-elementor-id=\"2670\" class=\"elementor elementor-2670\" data-elementor-post-type=\"post\">\n\t\t\t\t\t\t<section class=\"elementor-section elementor-top-section elementor-element elementor-element-abd1dfe elementor-section-height-min-height elementor-section-boxed elementor-section-height-default elementor-section-items-middle\" data-id=\"abd1dfe\" data-element_type=\"section\" data-e-type=\"section\" data-settings=\"{&quot;background_background&quot;:&quot;classic&quot;}\">\n\t\t\t\t\t\t<div class=\"elementor-container elementor-column-gap-default\">\n\t\t\t\t\t<div class=\"elementor-column elementor-col-100 elementor-top-column elementor-element elementor-element-ad7d905\" data-id=\"ad7d905\" data-element_type=\"column\" data-e-type=\"column\">\n\t\t\t<div class=\"elementor-widget-wrap elementor-element-populated\">\n\t\t\t\t\t\t<div class=\"elementor-element elementor-element-189eff1 elementor-widget elementor-widget-spacer\" data-id=\"189eff1\" data-element_type=\"widget\" data-e-type=\"widget\" data-widget_type=\"spacer.default\">\n\t\t\t\t<div class=\"elementor-widget-container\">\n\t\t\t\t\t\t\t<div class=\"elementor-spacer\">\n\t\t\t<div class=\"elementor-spacer-inner\"><\/div>\n\t\t<\/div>\n\t\t\t\t\t\t<\/div>\n\t\t\t\t<\/div>\n\t\t\t\t<div class=\"elementor-element elementor-element-1aec839 elementor-widget elementor-widget-heading\" data-id=\"1aec839\" data-element_type=\"widget\" data-e-type=\"widget\" data-widget_type=\"heading.default\">\n\t\t\t\t<div class=\"elementor-widget-container\">\n\t\t\t\t\t<h1 class=\"elementor-heading-title elementor-size-default\">il messaggio di Roberto Iuliano<\/h1>\t\t\t\t<\/div>\n\t\t\t\t<\/div>\n\t\t\t\t\t<\/div>\n\t\t<\/div>\n\t\t\t\t\t<\/div>\n\t\t<\/section>\n\t\t\t\t<section class=\"elementor-section elementor-top-section elementor-element elementor-element-5a69bd5 elementor-section-boxed elementor-section-height-default elementor-section-height-default\" data-id=\"5a69bd5\" data-element_type=\"section\" data-e-type=\"section\">\n\t\t\t\t\t\t<div class=\"elementor-container elementor-column-gap-default\">\n\t\t\t\t\t<div class=\"elementor-column elementor-col-100 elementor-top-column elementor-element elementor-element-e66ea45\" data-id=\"e66ea45\" data-element_type=\"column\" data-e-type=\"column\">\n\t\t\t<div class=\"elementor-widget-wrap elementor-element-populated\">\n\t\t\t\t\t\t<div class=\"elementor-element elementor-element-df8ddc0 elementor-widget elementor-widget-text-editor\" data-id=\"df8ddc0\" data-element_type=\"widget\" data-e-type=\"widget\" data-widget_type=\"text-editor.default\">\n\t\t\t\t<div class=\"elementor-widget-container\">\n\t\t\t\t\t\t\t\t\t<p><strong>Perch\u00e9 \u00e8 un medico di prim&#8217;ordine.<\/strong><\/p><p>Il <strong>Dott. Roberto Iuliano<\/strong>, con oltre <strong>40 anni di esperienza<\/strong>, rappresenta una vasta professionalit\u00e0 clinica ed una elevata autorevolezza scientifica. Il duplice profilo specialistico, in <strong>Gastroenterologia ed Endoscopia Digestiva e in Medicina Interna<\/strong>, gli consente di affrontare i problemi medici con una visione clinica ancor pi\u00f9 ampia, utile quando i sintomi gastrointestinali si inseriscono in quadri pi\u00f9 articolati o richiedono una valutazione clinica pi\u00f9 complessa.<\/p><p>L\u2019elevato profilo professionale \u00e8 testimoniato dalle migliaia di procedure endoscopiche diagnostiche e terapeutiche, <strong>oltre 70.000<\/strong>, effettuate in elezione ed in urgenza nella popolazione adulta e pediatrica, il tutto corollato da una totale assenza di contenzioso medico-legale.<\/p><p>La valenza scientifica \u00e8 testimoniata dagli oltre <strong>200 convegni<\/strong> cui ha partecipato nel corso della sua attivit\u00e0, in molti come relatore, e dai <strong>180 lavori scientifici<\/strong> pubblicati nelle pi\u00f9 prestigiose riviste del settore, ricevendo riconoscimenti internazionali.<\/p><p>Ha condotto le sue ricerche scientifiche in collaborazione con prestigiose Istituzioni Universitarie ed Enti di Ricerca, mentre la sua formazione clinica \u00e8 stata attuata prevalentemente presso la Divisione di Gastroenterologia dell\u2019Ospedale \u201cMolinette\u201d di Torino, con il ruolo di Medico Interno e di vincitore di Ricerca Sanitaria Finalizzata; presso la Clinica Medica III dell\u2019Universit\u00e0 degli Studi, Ospedale San Luigi Gonzaga di Torino, con il ruolo di Assistente Medico; presso il Poliambulatorio Gamma di Catanzaro, con il ruolo di Responsabile dell\u2019Endoscopia Digestiva; e presso l\u2019Azienda Ospedaliera Universitaria \u201cDulbecco-Pugliese\u201d di Catanzaro, con il ruolo di Dirigente Medico, Vice Direttore dell\u2019Unit\u00e0 Operativa di Gastroenterologia ed Endoscopia Digestiva e Responsabile di Centro di Alta Specializzazione, coordinando percorsi diagnostici e terapeutici complessi.<\/p><p>Consulente di Istituti di Ricerca e Laboratori Nazionali per l\u2019identificazione dei soggetti che presentano alterazioni genetiche capaci di determinare lo sviluppo di tumori dell\u2019apparato gastrointestinale e di altri organi, collabora con tali Istituzioni per prevenirne l\u2019insorgenza.<\/p><p>Collabora inoltre per lo studio del <strong>Microbiota Intestinale<\/strong> e per la determinazione di test non invasivi, come i <strong>Breath Test<\/strong>, utili per la diagnosi della disbiosi, del leaky gut (sindrome dell\u2019intestino permeabile), della sindrome dell\u2019intestino irritabile, della malattia celiaca e di ulteriori patologie gastrointestinali.<\/p><p>Visita il sito <a href=\"https:\/\/www.robertoiuliano.it\/\">www.robertoiuliano.it<\/a><\/p>\t\t\t\t\t\t\t\t<\/div>\n\t\t\t\t<\/div>\n\t\t\t\t<div class=\"elementor-element elementor-element-c8e6c2c elementor-widget elementor-widget-text-editor\" data-id=\"c8e6c2c\" data-element_type=\"widget\" data-e-type=\"widget\" data-widget_type=\"text-editor.default\">\n\t\t\t\t<div class=\"elementor-widget-container\">\n\t\t\t\t\t\t\t\t\t<p>Roberto Iuliano<\/p>\t\t\t\t\t\t\t\t<\/div>\n\t\t\t\t<\/div>\n\t\t\t\t\t<\/div>\n\t\t<\/div>\n\t\t\t\t\t<\/div>\n\t\t<\/section>\n\t\t\t\t<\/div>\n\t\t","protected":false},"excerpt":{"rendered":"<p>il messaggio di Roberto Iuliano Perch\u00e9 \u00e8 un medico di prim&#8217;ordine. Il Dott. Roberto Iuliano, con oltre 40 anni di esperienza, rappresenta una vasta professionalit\u00e0 clinica ed una elevata autorevolezza scientifica. Il duplice profilo specialistico, in Gastroenterologia ed Endoscopia Digestiva e in Medicina Interna, gli consente di affrontare i problemi medici con una visione clinica [&hellip;]<\/p>\n","protected":false},"author":2,"featured_media":0,"comment_status":"closed","ping_status":"open","sticky":false,"template":"","format":"standard","meta":{"footnotes":""},"categories":[15],"tags":[],"class_list":["post-2670","post","type-post","status-publish","format-standard","hentry","category-messaggio-medico"],"_links":{"self":[{"href":"https:\/\/www.poliambulatoriovibo.it\/index.php\/wp-json\/wp\/v2\/posts\/2670","targetHints":{"allow":["GET"]}}],"collection":[{"href":"https:\/\/www.poliambulatoriovibo.it\/index.php\/wp-json\/wp\/v2\/posts"}],"about":[{"href":"https:\/\/www.poliambulatoriovibo.it\/index.php\/wp-json\/wp\/v2\/types\/post"}],"author":[{"embeddable":true,"href":"https:\/\/www.poliambulatoriovibo.it\/index.php\/wp-json\/wp\/v2\/users\/2"}],"replies":[{"embeddable":true,"href":"https:\/\/www.poliambulatoriovibo.it\/index.php\/wp-json\/wp\/v2\/comments?post=2670"}],"version-history":[{"count":7,"href":"https:\/\/www.poliambulatoriovibo.it\/index.php\/wp-json\/wp\/v2\/posts\/2670\/revisions"}],"predecessor-version":[{"id":2697,"href":"https:\/\/www.poliambulatoriovibo.it\/index.php\/wp-json\/wp\/v2\/posts\/2670\/revisions\/2697"}],"wp:attachment":[{"href":"https:\/\/www.poliambulatoriovibo.it\/index.php\/wp-json\/wp\/v2\/media?parent=2670"}],"wp:term":[{"taxonomy":"category","embeddable":true,"href":"https:\/\/www.poliambulatoriovibo.it\/index.php\/wp-json\/wp\/v2\/categories?post=2670"},{"taxonomy":"post_tag","embeddable":true,"href":"https:\/\/www.poliambulatoriovibo.it\/index.php\/wp-json\/wp\/v2\/tags?post=2670"}],"curies":[{"name":"wp","href":"https:\/\/api.w.org\/{rel}","templated":true}]}}