{"id":2725,"date":"2026-09-02T13:05:30","date_gmt":"2026-09-02T11:05:30","guid":{"rendered":"https:\/\/www.poliambulatoriovibo.it\/?p=2725"},"modified":"2026-09-02T13:12:29","modified_gmt":"2026-09-02T11:12:29","slug":"messaggio-arianna-bonelli","status":"publish","type":"post","link":"https:\/\/www.poliambulatoriovibo.it\/index.php\/2026\/09\/02\/messaggio-arianna-bonelli\/","title":{"rendered":"Messaggio Arianna Bonelli"},"content":{"rendered":"\t\t<div data-elementor-type=\"wp-post\" data-elementor-id=\"2725\" class=\"elementor elementor-2725\" data-elementor-post-type=\"post\">\n\t\t\t\t\t\t<section class=\"elementor-section elementor-top-section elementor-element elementor-element-abc3d3f elementor-section-height-min-height elementor-section-boxed elementor-section-height-default elementor-section-items-middle\" data-id=\"abc3d3f\" data-element_type=\"section\" data-e-type=\"section\" data-settings=\"{&quot;background_background&quot;:&quot;classic&quot;}\">\n\t\t\t\t\t\t<div class=\"elementor-container elementor-column-gap-default\">\n\t\t\t\t\t<div class=\"elementor-column elementor-col-100 elementor-top-column elementor-element elementor-element-190174b\" data-id=\"190174b\" data-element_type=\"column\" data-e-type=\"column\">\n\t\t\t<div class=\"elementor-widget-wrap elementor-element-populated\">\n\t\t\t\t\t\t<div class=\"elementor-element elementor-element-6d393cd elementor-widget elementor-widget-spacer\" data-id=\"6d393cd\" data-element_type=\"widget\" data-e-type=\"widget\" data-widget_type=\"spacer.default\">\n\t\t\t\t<div class=\"elementor-widget-container\">\n\t\t\t\t\t\t\t<div class=\"elementor-spacer\">\n\t\t\t<div class=\"elementor-spacer-inner\"><\/div>\n\t\t<\/div>\n\t\t\t\t\t\t<\/div>\n\t\t\t\t<\/div>\n\t\t\t\t<div class=\"elementor-element elementor-element-b0fdb99 elementor-widget elementor-widget-heading\" data-id=\"b0fdb99\" data-element_type=\"widget\" data-e-type=\"widget\" data-widget_type=\"heading.default\">\n\t\t\t\t<div class=\"elementor-widget-container\">\n\t\t\t\t\t<h1 class=\"elementor-heading-title elementor-size-default\">il messaggio di Arianna Bonelli<\/h1>\t\t\t\t<\/div>\n\t\t\t\t<\/div>\n\t\t\t\t\t<\/div>\n\t\t<\/div>\n\t\t\t\t\t<\/div>\n\t\t<\/section>\n\t\t\t\t<section class=\"elementor-section elementor-top-section elementor-element elementor-element-39d7d57 elementor-section-boxed elementor-section-height-default elementor-section-height-default\" data-id=\"39d7d57\" data-element_type=\"section\" data-e-type=\"section\">\n\t\t\t\t\t\t<div class=\"elementor-container elementor-column-gap-default\">\n\t\t\t\t\t<div class=\"elementor-column elementor-col-100 elementor-top-column elementor-element elementor-element-d8e7b15\" data-id=\"d8e7b15\" data-element_type=\"column\" data-e-type=\"column\">\n\t\t\t<div class=\"elementor-widget-wrap elementor-element-populated\">\n\t\t\t\t\t\t<div class=\"elementor-element elementor-element-ec93e95 elementor-widget elementor-widget-heading\" data-id=\"ec93e95\" data-element_type=\"widget\" data-e-type=\"widget\" data-widget_type=\"heading.default\">\n\t\t\t\t<div class=\"elementor-widget-container\">\n\t\t\t\t\t<h4 class=\"elementor-heading-title elementor-size-default\">La tua comunicazione \u00e8 la tua libert\u00e0.<\/h4>\t\t\t\t<\/div>\n\t\t\t\t<\/div>\n\t\t\t\t<div class=\"elementor-element elementor-element-600811c elementor-widget elementor-widget-text-editor\" data-id=\"600811c\" data-element_type=\"widget\" data-e-type=\"widget\" data-widget_type=\"text-editor.default\">\n\t\t\t\t<div class=\"elementor-widget-container\">\n\t\t\t\t\t\t\t\t\t<p>La comunicazione ci unisce agli altri. Quando parlare, deglutire o esprimersi diventa difficile, l&#8217;intera quotidianit\u00e0 ne risente. Il mio obiettivo \u00e8 accompagnarti nel recupero delle tue abilit\u00e0 fonatorie e comunicative. Offro uno spazio protetto, empatico e basato su metodologie scientifiche d&#8217;avanguardia.<\/p><p>Per i Pi\u00f9 Piccoli (Et\u00e0 Evolutiva)<\/p><ul><li><strong>Crescita.<\/strong> Sostengo lo sviluppo del linguaggio attraverso il gioco.<\/li><li><strong>Apprendimento.<\/strong> Superiamo insieme le difficolt\u00e0 di lettura e scrittura.<\/li><li><strong>Fiducia.<\/strong> Aiuto i bambini a esprimersi senza ansia o frustrazione.<\/li><li><strong>Collaborazione.<\/strong> Faccio squadra con i genitori per traguardi condivisi.<\/li><\/ul><p>\u00a0<\/p><p>Per gli Adulti e i Professionisti (Et\u00e0 Adulta)<\/p><ul><li><strong>Voce.<\/strong> Elimino la stanchezza vocale per chi usa la voce per lavoro.<\/li><li><strong>Fluenza.<\/strong> Sviluppo strategie efficaci per gestire la fluenza.<\/li><li><strong>Articolazione.<\/strong> Correggo i difetti di pronuncia per una maggiore sicurezza.<\/li><\/ul><p>\u00a0<\/p><p>Per la Terza Et\u00e0 e l&#8217;Area Neurologica (Et\u00e0 Geriatrica)<\/p><ul><li><strong>Sicurezza.<\/strong> Riabilito la deglutizione per mangiare senza rischi.<\/li><li><strong>Autonomia.<\/strong> Recupero il linguaggio dopo ictus o traumi cranici.<\/li><\/ul><p>\u00a0<\/p><p>Per tutti<\/p><ul><li><strong>Training.<\/strong> Adatto strategie efficaci nella disfagia e deglutizione disfunzionale.<\/li><\/ul><p><strong>\u00a0<\/strong><\/p><p><strong>Perch\u00e9 Scegliere Questo Studio<\/strong><\/p><ul><li><strong>Personalizzazione.<\/strong> Ogni terapia rispetta i tempi del paziente.<\/li><li><strong>Competenza.<\/strong> Trattamenti basati su evidenze scientifiche aggiornate.<\/li><li><strong>Empatia.<\/strong> Accoglienza e ascolto umano al primo posto.<\/li><\/ul><p>\u00a0<\/p><p>Percorsi terapeutici personalizzati per ritrovare il piacere di parlare, ascoltare e deglutire, a qualsiasi et\u00e0.<\/p>\t\t\t\t\t\t\t\t<\/div>\n\t\t\t\t<\/div>\n\t\t\t\t<div class=\"elementor-element elementor-element-0af037e elementor-widget elementor-widget-text-editor\" data-id=\"0af037e\" data-element_type=\"widget\" data-e-type=\"widget\" data-widget_type=\"text-editor.default\">\n\t\t\t\t<div class=\"elementor-widget-container\">\n\t\t\t\t\t\t\t\t\t<p>Arianna Bonelli<\/p>\t\t\t\t\t\t\t\t<\/div>\n\t\t\t\t<\/div>\n\t\t\t\t\t<\/div>\n\t\t<\/div>\n\t\t\t\t\t<\/div>\n\t\t<\/section>\n\t\t\t\t<\/div>\n\t\t","protected":false},"excerpt":{"rendered":"<p>il messaggio di Arianna Bonelli La tua comunicazione \u00e8 la tua libert\u00e0. La comunicazione ci unisce agli altri. Quando parlare, deglutire o esprimersi diventa difficile, l&#8217;intera quotidianit\u00e0 ne risente. Il mio obiettivo \u00e8 accompagnarti nel recupero delle tue abilit\u00e0 fonatorie e comunicative. Offro uno spazio protetto, empatico e basato su metodologie scientifiche d&#8217;avanguardia. Per i [&hellip;]<\/p>\n","protected":false},"author":2,"featured_media":0,"comment_status":"closed","ping_status":"open","sticky":false,"template":"","format":"standard","meta":{"footnotes":""},"categories":[15],"tags":[],"class_list":["post-2725","post","type-post","status-publish","format-standard","hentry","category-messaggio-medico"],"_links":{"self":[{"href":"https:\/\/www.poliambulatoriovibo.it\/index.php\/wp-json\/wp\/v2\/posts\/2725","targetHints":{"allow":["GET"]}}],"collection":[{"href":"https:\/\/www.poliambulatoriovibo.it\/index.php\/wp-json\/wp\/v2\/posts"}],"about":[{"href":"https:\/\/www.poliambulatoriovibo.it\/index.php\/wp-json\/wp\/v2\/types\/post"}],"author":[{"embeddable":true,"href":"https:\/\/www.poliambulatoriovibo.it\/index.php\/wp-json\/wp\/v2\/users\/2"}],"replies":[{"embeddable":true,"href":"https:\/\/www.poliambulatoriovibo.it\/index.php\/wp-json\/wp\/v2\/comments?post=2725"}],"version-history":[{"count":4,"href":"https:\/\/www.poliambulatoriovibo.it\/index.php\/wp-json\/wp\/v2\/posts\/2725\/revisions"}],"predecessor-version":[{"id":2729,"href":"https:\/\/www.poliambulatoriovibo.it\/index.php\/wp-json\/wp\/v2\/posts\/2725\/revisions\/2729"}],"wp:attachment":[{"href":"https:\/\/www.poliambulatoriovibo.it\/index.php\/wp-json\/wp\/v2\/media?parent=2725"}],"wp:term":[{"taxonomy":"category","embeddable":true,"href":"https:\/\/www.poliambulatoriovibo.it\/index.php\/wp-json\/wp\/v2\/categories?post=2725"},{"taxonomy":"post_tag","embeddable":true,"href":"https:\/\/www.poliambulatoriovibo.it\/index.php\/wp-json\/wp\/v2\/tags?post=2725"}],"curies":[{"name":"wp","href":"https:\/\/api.w.org\/{rel}","templated":true}]}}