{"id":2743,"date":"2026-09-04T10:38:36","date_gmt":"2026-09-04T08:38:36","guid":{"rendered":"https:\/\/www.poliambulatoriovibo.it\/?p=2743"},"modified":"2026-09-04T11:08:55","modified_gmt":"2026-09-04T09:08:55","slug":"il-messaggio-di-caterina-ermio","status":"publish","type":"post","link":"https:\/\/www.poliambulatoriovibo.it\/index.php\/2026\/09\/04\/il-messaggio-di-caterina-ermio\/","title":{"rendered":"Il messaggio di Caterina Ermio"},"content":{"rendered":"\t\t<div data-elementor-type=\"wp-post\" data-elementor-id=\"2743\" class=\"elementor elementor-2743\" data-elementor-post-type=\"post\">\n\t\t\t\t\t\t<section class=\"elementor-section elementor-top-section elementor-element elementor-element-107b396 elementor-section-height-min-height elementor-section-boxed elementor-section-height-default elementor-section-items-middle\" data-id=\"107b396\" data-element_type=\"section\" data-e-type=\"section\" data-settings=\"{&quot;background_background&quot;:&quot;classic&quot;}\">\n\t\t\t\t\t\t<div class=\"elementor-container elementor-column-gap-default\">\n\t\t\t\t\t<div class=\"elementor-column elementor-col-100 elementor-top-column elementor-element elementor-element-f8b26f1\" data-id=\"f8b26f1\" data-element_type=\"column\" data-e-type=\"column\">\n\t\t\t<div class=\"elementor-widget-wrap elementor-element-populated\">\n\t\t\t\t\t\t<div class=\"elementor-element elementor-element-19edd8e elementor-widget elementor-widget-spacer\" data-id=\"19edd8e\" data-element_type=\"widget\" data-e-type=\"widget\" data-widget_type=\"spacer.default\">\n\t\t\t\t<div class=\"elementor-widget-container\">\n\t\t\t\t\t\t\t<div class=\"elementor-spacer\">\n\t\t\t<div class=\"elementor-spacer-inner\"><\/div>\n\t\t<\/div>\n\t\t\t\t\t\t<\/div>\n\t\t\t\t<\/div>\n\t\t\t\t<div class=\"elementor-element elementor-element-a969ec4 elementor-widget elementor-widget-heading\" data-id=\"a969ec4\" data-element_type=\"widget\" data-e-type=\"widget\" data-widget_type=\"heading.default\">\n\t\t\t\t<div class=\"elementor-widget-container\">\n\t\t\t\t\t<h1 class=\"elementor-heading-title elementor-size-default\">il messaggio di Piergiorgio CalellaCaterina Ermio<\/h1>\t\t\t\t<\/div>\n\t\t\t\t<\/div>\n\t\t\t\t\t<\/div>\n\t\t<\/div>\n\t\t\t\t\t<\/div>\n\t\t<\/section>\n\t\t\t\t<section class=\"elementor-section elementor-top-section elementor-element elementor-element-e7d4827 elementor-section-boxed elementor-section-height-default elementor-section-height-default\" data-id=\"e7d4827\" data-element_type=\"section\" data-e-type=\"section\">\n\t\t\t\t\t\t<div class=\"elementor-container elementor-column-gap-default\">\n\t\t\t\t\t<div class=\"elementor-column elementor-col-100 elementor-top-column elementor-element elementor-element-0086221\" data-id=\"0086221\" data-element_type=\"column\" data-e-type=\"column\">\n\t\t\t<div class=\"elementor-widget-wrap elementor-element-populated\">\n\t\t\t\t\t\t<div class=\"elementor-element elementor-element-e17b0cc elementor-widget elementor-widget-text-editor\" data-id=\"e17b0cc\" data-element_type=\"widget\" data-e-type=\"widget\" data-widget_type=\"text-editor.default\">\n\t\t\t\t<div class=\"elementor-widget-container\">\n\t\t\t\t\t\t\t\t\t<p>Non sottovalutate questi sintomi\u2026<\/p><ul><li>mal di testa frequenti o persistenti;<\/li><li>vertigini e perdita dell\u2019equilibrio;<\/li><li>tremori o movimenti involontari;<\/li><li>perdita di forza o sensibilit\u00e0;<\/li><li>formicolii agli arti;<\/li><li>disturbi della memoria o difficolt\u00e0 cognitive;<\/li><li>crisi epilettiche o svenimenti;<\/li><li>dolore neuropatico;<\/li><li>difficolt\u00e0 nella coordinazione;<\/li><li>alterazioni della camminata;<\/li><li>disturbi del sonno;<\/li><li>sintomi neurologici improvvisi.<\/li><\/ul>\t\t\t\t\t\t\t\t<\/div>\n\t\t\t\t<\/div>\n\t\t\t\t<div class=\"elementor-element elementor-element-173dd85 elementor-widget elementor-widget-text-editor\" data-id=\"173dd85\" data-element_type=\"widget\" data-e-type=\"widget\" data-widget_type=\"text-editor.default\">\n\t\t\t\t<div class=\"elementor-widget-container\">\n\t\t\t\t\t\t\t\t\t<p>Caterina Ermio<\/p>\t\t\t\t\t\t\t\t<\/div>\n\t\t\t\t<\/div>\n\t\t\t\t\t<\/div>\n\t\t<\/div>\n\t\t\t\t\t<\/div>\n\t\t<\/section>\n\t\t\t\t<\/div>\n\t\t","protected":false},"excerpt":{"rendered":"<p>il messaggio di Piergiorgio CalellaCaterina Ermio Non sottovalutate questi sintomi\u2026 mal di testa frequenti o persistenti; vertigini e perdita dell\u2019equilibrio; tremori o movimenti involontari; perdita di forza o sensibilit\u00e0; formicolii agli arti; disturbi della memoria o difficolt\u00e0 cognitive; crisi epilettiche o svenimenti; dolore neuropatico; difficolt\u00e0 nella coordinazione; alterazioni della camminata; disturbi del sonno; sintomi neurologici [&hellip;]<\/p>\n","protected":false},"author":2,"featured_media":0,"comment_status":"closed","ping_status":"open","sticky":false,"template":"elementor_header_footer","format":"standard","meta":{"footnotes":""},"categories":[15],"tags":[],"class_list":["post-2743","post","type-post","status-publish","format-standard","hentry","category-messaggio-medico"],"_links":{"self":[{"href":"https:\/\/www.poliambulatoriovibo.it\/index.php\/wp-json\/wp\/v2\/posts\/2743","targetHints":{"allow":["GET"]}}],"collection":[{"href":"https:\/\/www.poliambulatoriovibo.it\/index.php\/wp-json\/wp\/v2\/posts"}],"about":[{"href":"https:\/\/www.poliambulatoriovibo.it\/index.php\/wp-json\/wp\/v2\/types\/post"}],"author":[{"embeddable":true,"href":"https:\/\/www.poliambulatoriovibo.it\/index.php\/wp-json\/wp\/v2\/users\/2"}],"replies":[{"embeddable":true,"href":"https:\/\/www.poliambulatoriovibo.it\/index.php\/wp-json\/wp\/v2\/comments?post=2743"}],"version-history":[{"count":4,"href":"https:\/\/www.poliambulatoriovibo.it\/index.php\/wp-json\/wp\/v2\/posts\/2743\/revisions"}],"predecessor-version":[{"id":2747,"href":"https:\/\/www.poliambulatoriovibo.it\/index.php\/wp-json\/wp\/v2\/posts\/2743\/revisions\/2747"}],"wp:attachment":[{"href":"https:\/\/www.poliambulatoriovibo.it\/index.php\/wp-json\/wp\/v2\/media?parent=2743"}],"wp:term":[{"taxonomy":"category","embeddable":true,"href":"https:\/\/www.poliambulatoriovibo.it\/index.php\/wp-json\/wp\/v2\/categories?post=2743"},{"taxonomy":"post_tag","embeddable":true,"href":"https:\/\/www.poliambulatoriovibo.it\/index.php\/wp-json\/wp\/v2\/tags?post=2743"}],"curies":[{"name":"wp","href":"https:\/\/api.w.org\/{rel}","templated":true}]}}